{"id":11017,"date":"2021-02-20T05:01:42","date_gmt":"2021-02-20T05:01:42","guid":{"rendered":"https:\/\/www.educacionycrianza.com\/plat\/?p=11017"},"modified":"2025-05-06T01:19:10","modified_gmt":"2025-05-06T01:19:10","slug":"y-si-pensamos-en-los-ninos","status":"publish","type":"post","link":"https:\/\/www.educacionycrianza.com\/plat\/index.php\/2021\/02\/20\/y-si-pensamos-en-los-ninos\/","title":{"rendered":"\u00bfY si pensamos en los ni\u00f1os?"},"content":{"rendered":"<p>Los ni\u00f1os necesitan libertad para expresarse, para jugar, aprender y compartir con quienes sientan una buena compa\u00f1\u00eda.<\/p>\n<p>Sin embargo, hay adultos que deciden, eligen y toman decisiones sin tener en cuenta sus verdaderas necesidades. En lugar de centrarse en ellos e interesarse en lo que piensan y sienten, se aventuran en dirigir sus vidas creyendo que es lo mejor para ellos.<\/p>\n<p>Algunos ni\u00f1os de Argentina est\u00e1n volviendo a las aulas en un contexto muy distinto a lo que estaban acostumbrados, con nuevos h\u00e1bitos, viendo caras tapadas, separados de sus compa\u00f1eros y con la prohibici\u00f3n de tocarse, ni siquiera para jugar y saludarse.<\/p>\n<p>Quiz\u00e1s los ni\u00f1os esperen ver y abrazar a sus amiguitos luego de varios meses sin verlos f\u00edsicamente. Los que tuvieron mayor \u201csuerte\u201d los han visto tras las pantallas de alguna computadora o celular. Pero seguramente con esos deseos de jugar, divertirse y compartir momentos con ellos.<\/p>\n<p>Pero lejos de lo que los ni\u00f1os podr\u00edan aspirar o sentir, se encontrar\u00e1n con sus amiguitos detr\u00e1s de una m\u00e1scara o barbijo, que quien sabe si les permitir\u00e1n reconocerlos. Y lamentablemente no podr\u00e1n darle ese beso y ese abrazo que muchos tanto desear\u00e1n. El distanciamiento no solo ser\u00e1 corporal, sino afectivo y emocional.<\/p>\n<p>La escuela deber\u00eda ser un lugar saludable, rico en experiencias que enriquezcan sus vidas y que se viva el aprendizaje con alegr\u00eda. Y sin embargo, el entorno donde se producir\u00e1 o no este aprendizaje no parece ser el m\u00e1s adecuado.<\/p>\n<p>La deshumanizaci\u00f3n se acent\u00faa cada vez m\u00e1s, el v\u00ednculo afectivo necesario para aprender se aleja, las palabras se vuelven sonidos incomprensibles detr\u00e1s de un barbijo, el abrazo necesario para demostrar amor y contenci\u00f3n es prohibido. Y en este entorno se pretende que los ni\u00f1os aprendan\u2026<\/p>\n<p>Los ni\u00f1os para aprender necesitan un ambiente donde prime lo afectivo, necesita de palabras claras para entender lo que muchas veces no comprende, necesita tomar esa mano del amigo o amiga para jugar, para sentir su compa\u00f1\u00eda, para brindar su apoyo. Todo ni\u00f1o necesita moverse, tomar los materiales que el docente le acerca, compartir sus l\u00e1pices, libros, compartir su merienda o simplemente sentir la calidez de su docente o compa\u00f1ero que le acaricia la espalda cuando necesita consuelo.<\/p>\n<p>Pero no, nada podr\u00e1 pasar entre esas fr\u00edas paredes de las escuelas\u2026Seguimos creando muros, seguimos separando el aprendizaje del afecto, seguimos deshumanizando la educaci\u00f3n\u2026Seguimos pensando en el acceso a los contenidos y cumplimiento de un curr\u00edculum\u2026 Siempre pensando en los objetivos que deber\u00edan alcanzar los ni\u00f1os en la escuela en un tiempo estipulado.<\/p>\n<p>Y mientras tanto, seguimos sin pensar en los ni\u00f1os. Y mientras eso siga ocurriendo, este mundo tiene escasas oportunidades para cambiar. Los ni\u00f1os son portadores de sabidur\u00eda, bondad y pureza, entre tantas otras cualidades. Si se tuviera en cuenta este tesoro que cada ni\u00f1o guarda en s\u00ed mismo, todo ser\u00eda diferente, \u00a0estar\u00edamos en camino de ser una sociedad m\u00e1s humana.<\/p>\n<p>Creo que estamos a tiempo de despertar y unirnos para evolucionar y crear un mundo mejor. Y juntos podemos.<\/p>\n<p>Que los ni\u00f1os sean nuestra prioridad de cuidado, respeto y amor. Ellos se lo merecen.<\/p>\n<p>Alejandra Sandoval<\/p>\n<p>Lic. Prof. en Psicopedagog\u00eda<\/p>\n<p>Creadora y Coordinadora de <a href=\"http:\/\/www.educacionycrianza.com\">www.educacionycrianza.com<\/a> y <a href=\"http:\/\/www.areapsicopedagogica.com.ar\">www.areapsicopedagogica.com.ar<\/a><\/p>\n","protected":false},"excerpt":{"rendered":"<p>Los ni\u00f1os necesitan libertad para expresarse, para jugar, aprender y compartir con quienes sientan una buena compa\u00f1\u00eda. Sin embargo, hay adultos que deciden, eligen y toman decisiones sin tener en cuenta sus verdaderas necesidades. En lugar de centrarse en ellos e interesarse en lo que piensan y sienten, se aventuran en dirigir sus vidas creyendo [&hellip;]<\/p>\n","protected":false},"author":1,"featured_media":0,"comment_status":"closed","ping_status":"closed","sticky":false,"template":"","format":"standard","meta":{"_joinchat":[],"footnotes":""},"categories":[21],"tags":[],"class_list":["post-11017","post","type-post","status-publish","format-standard","hentry","category-notas"],"_links":{"self":[{"href":"https:\/\/www.educacionycrianza.com\/plat\/index.php\/wp-json\/wp\/v2\/posts\/11017","targetHints":{"allow":["GET"]}}],"collection":[{"href":"https:\/\/www.educacionycrianza.com\/plat\/index.php\/wp-json\/wp\/v2\/posts"}],"about":[{"href":"https:\/\/www.educacionycrianza.com\/plat\/index.php\/wp-json\/wp\/v2\/types\/post"}],"author":[{"embeddable":true,"href":"https:\/\/www.educacionycrianza.com\/plat\/index.php\/wp-json\/wp\/v2\/users\/1"}],"replies":[{"embeddable":true,"href":"https:\/\/www.educacionycrianza.com\/plat\/index.php\/wp-json\/wp\/v2\/comments?post=11017"}],"version-history":[{"count":1,"href":"https:\/\/www.educacionycrianza.com\/plat\/index.php\/wp-json\/wp\/v2\/posts\/11017\/revisions"}],"predecessor-version":[{"id":11018,"href":"https:\/\/www.educacionycrianza.com\/plat\/index.php\/wp-json\/wp\/v2\/posts\/11017\/revisions\/11018"}],"wp:attachment":[{"href":"https:\/\/www.educacionycrianza.com\/plat\/index.php\/wp-json\/wp\/v2\/media?parent=11017"}],"wp:term":[{"taxonomy":"category","embeddable":true,"href":"https:\/\/www.educacionycrianza.com\/plat\/index.php\/wp-json\/wp\/v2\/categories?post=11017"},{"taxonomy":"post_tag","embeddable":true,"href":"https:\/\/www.educacionycrianza.com\/plat\/index.php\/wp-json\/wp\/v2\/tags?post=11017"}],"curies":[{"name":"wp","href":"https:\/\/api.w.org\/{rel}","templated":true}]}}