{"id":12458,"date":"2021-06-18T20:35:30","date_gmt":"2021-06-18T20:35:30","guid":{"rendered":"https:\/\/www.educacionycrianza.com\/plat\/?p=12458"},"modified":"2025-05-06T01:19:10","modified_gmt":"2025-05-06T01:19:10","slug":"reflexiones-de-una-madre-en-cuarentena","status":"publish","type":"post","link":"https:\/\/www.educacionycrianza.com\/plat\/index.php\/2021\/06\/18\/reflexiones-de-una-madre-en-cuarentena\/","title":{"rendered":"Reflexiones de una madre en cuarentena"},"content":{"rendered":"<p>Deseo compartir una peque\u00f1a reflexi\u00f3n luego de haber transitado con Alejandra el <strong><em>Curso Virtual de Crianza Respetuosa y Alternativas para Aprender en Libertad<\/em><\/strong>.<\/p>\n<p>Soy Trabajadora Social, fiel seguidora de Paulo Freire y llevo como estandarte la creencia de que para que haya verdadero aprendizaje, el conocimiento te\u00f3rico debe pasar por la experiencia, por el cuerpo, por las vivencias.<\/p>\n<p>Ese punto donde se encuentran los saberes acad\u00e9micos y los saberes populares, hoy en este contexto y transitando esta capacitaci\u00f3n, es para m\u00ed <strong>la maternidad.<\/strong><\/p>\n<p>Quiero rescatar la coherencia te\u00f3rica en el programa del curso facilitado por Alejandra, la cual nos introduce en la funci\u00f3n del adulto en la educaci\u00f3n, los y las ni\u00f1os de hoy junto a sus nuevas necesidades, la educaci\u00f3n hol\u00edstica, la naturaleza y el arte, la aproximaci\u00f3n a las metodolog\u00edas\u00a0 alternativas como Montessori, Waldorf, Reggio Emilia, Sistema Amara Berri, entre otras y la modalidad de educaci\u00f3n en casa. Destacando tambi\u00e9n la importancia del contenido brindado en relaci\u00f3n al v\u00ednculo entre madre e hijo\/a y la funci\u00f3n del padre.<\/p>\n<p>Es en este \u00faltimo \u00edtem donde quiero detenerme y compartir un humilde aporte desde mis sentires. He llegado al Curso buscando herramientas como madre, como doula y como trabajadora social. Soy una eterna aprendiz, cuyo contenidos en esta capacitaci\u00f3n me han invitado a interpelarme en esos tres roles, que se construyen, deconstruyen y retroalimentan constantemente.<\/p>\n<p>Antes de ser madre, soy hija. Aprend\u00ed de alguna manera a oficiar como madre observando a la m\u00eda. Decidiendo qu\u00e9 cosas deseaba repetir y cu\u00e1les no. Aunque no es tan sencillo ni rom\u00e1ntico aplicar la frase \u201c<em>s\u00e9 la madre que necesitaste cuando eras ni\u00f1a<\/em>\u201d. Hay pilotos autom\u00e1ticos que se activan sin que podamos contar hasta 10. Soy una convencida de que gran parte de nuestros esfuerzos para sostener una crianza respetuosa radican en la sanaci\u00f3n de nuestra ni\u00f1a interior, en la sanaci\u00f3n de nuestro linaje materno y paterno, en la honra a nuestros ancestros.<\/p>\n<p>Por otro lado, como Trabajadora Social form\u00e1ndome en Educaci\u00f3n Sexual Integral, insisto en que otra herramienta importante al hablar de Crianza Respetuosa es la deconstrucci\u00f3n de los modelos de familia hegem\u00f3nicos. Hablar de roles merece un cuestionamiento que, como bien plantea Alejandra en el contenido del curso, nos aproxime a pensar la paternidad en sus funciones b\u00e1sicas de apoyo y protecci\u00f3n, la apertura al mundo externo de los hijos\/as y la contribuci\u00f3n al desarrollo del pensamiento, la inteligencia y el aprendizaje, rescatando lo fundamental del rol de contenci\u00f3n y apoyo amoroso hacia la madre que est\u00e1 maternando. \u00bfPero qu\u00e9 sucede en aquellas familias no hegem\u00f3nicas? \u00bfQui\u00e9n apoya y contiene a las madres solteras? \u00bfSi el padre de familia no cuenta a\u00fan con los recursos para ejercer una paternidad consciente, qu\u00e9 pasa con esa mam\u00e1? \u00bfExisten pol\u00edticas p\u00fablicas que apoyen la crianza respetuosa desde una perspectiva de g\u00e9nero?<\/p>\n<p>Soy madre de un ni\u00f1o de 5 a\u00f1os. Separada. Toda la carga mental y emocional de la crianza recae en mayor porcentaje, en m\u00ed. He atravesado aislamientos una y otra vez, incluso el padecimiento del covid-19, sola con mi hijo en casa.<\/p>\n<p>Cuestionar\u00e9 hasta el cansancio, esa antigua divisi\u00f3n sexual del trabajo que ubica al hombre como proveedor econ\u00f3mico del hogar y a la mujer, como madre y ama de casa. Porque aunque hemos avanzado en innumerables conquistas en materia de derechos, a\u00fan persisten los resabios de una cultura patriarcal donde nos sorprendemos gratamente cuando es el padre quien cambia un pa\u00f1al y nos horrorizamos cuando una madre afirma padecer su maternidad.<\/p>\n<p>No es mi intenci\u00f3n aportar conocimiento ni un juicio de opini\u00f3n. S\u00ed lo es, compartir las reflexiones que se me han presentado como crisis durante el curso.<\/p>\n<p>\u00bfDe qu\u00e9 madres y padres estamos hablando? \u00bfC\u00f3mo sostener una crianza respetuosa y en libertad, si no hemos sido <em>mapaternados<\/em> de esa forma? \u00bfC\u00f3mo conciliar un estilo de crianza con el otro progenitor sin que eso afecte la estabilidad emocional de nuestros ni\u00f1os? \u00bfExisten leyes que acompa\u00f1en a madres y padres para que puedan ejercer una maternidad y paternidad respetuosa?<\/p>\n<p>No me gusta la palabra v\u00edctima, pero he sufrido la violencia institucional de una ces\u00e1rea no humanizada cuando mi hijo naci\u00f3. Y puedo asegurar, como madre y doula, que a\u00fan hoy intento reparar la inseguridad emocional que como secuela nos ha dejado esa experiencia a m\u00ed y a mi ni\u00f1o. He padecido la violencia judicial cuando tras mi separaci\u00f3n no pude en los primeros a\u00f1os conciliar un acuerdo legal que tenga en cuenta la importancia del rol materno y paterno por igual.<\/p>\n<p>En tiempos donde se promueve la Crianza Respetuosa como ideal, en tiempos donde yo misma me pongo metas como madre, celebro haber transitado este espacio que me ha permitido interpelarme.<\/p>\n<p>Gracias Alejandra.<\/p>\n<p><em>Guadalupe Amaya<\/em><\/p>\n<p><em>Lic. en Trabajo Social<\/em><\/p>\n<p><em>Doula<\/em><\/p>\n<p><em>Facilitadora de C\u00edrculos de Mujeres<\/em><\/p>\n<p><em>Hija<\/em><\/p>\n<p><em>Madre<\/em><\/p>\n<p>.* Guadalupe ha realizado el Curso Virtual \u00abCrianza respetuosa y alternativas para aprender en libertad\u00bb. El escrito forma parte de su tr\u00e1nsito por dicho curso, como expresi\u00f3n de su propia experiencia y como respuesta a la propuesta realizada al finalizar la cursada.<\/p>\n","protected":false},"excerpt":{"rendered":"<p>Deseo compartir una peque\u00f1a reflexi\u00f3n luego de haber transitado con Alejandra el Curso Virtual de Crianza Respetuosa y Alternativas para Aprender en Libertad. Soy Trabajadora Social, fiel seguidora de Paulo Freire y llevo como estandarte la creencia de que para que haya verdadero aprendizaje, el conocimiento te\u00f3rico debe pasar por la experiencia, por el cuerpo, [&hellip;]<\/p>\n","protected":false},"author":1,"featured_media":0,"comment_status":"closed","ping_status":"closed","sticky":false,"template":"","format":"standard","meta":{"_joinchat":[],"footnotes":""},"categories":[21],"tags":[],"class_list":["post-12458","post","type-post","status-publish","format-standard","hentry","category-notas"],"_links":{"self":[{"href":"https:\/\/www.educacionycrianza.com\/plat\/index.php\/wp-json\/wp\/v2\/posts\/12458","targetHints":{"allow":["GET"]}}],"collection":[{"href":"https:\/\/www.educacionycrianza.com\/plat\/index.php\/wp-json\/wp\/v2\/posts"}],"about":[{"href":"https:\/\/www.educacionycrianza.com\/plat\/index.php\/wp-json\/wp\/v2\/types\/post"}],"author":[{"embeddable":true,"href":"https:\/\/www.educacionycrianza.com\/plat\/index.php\/wp-json\/wp\/v2\/users\/1"}],"replies":[{"embeddable":true,"href":"https:\/\/www.educacionycrianza.com\/plat\/index.php\/wp-json\/wp\/v2\/comments?post=12458"}],"version-history":[{"count":1,"href":"https:\/\/www.educacionycrianza.com\/plat\/index.php\/wp-json\/wp\/v2\/posts\/12458\/revisions"}],"predecessor-version":[{"id":12459,"href":"https:\/\/www.educacionycrianza.com\/plat\/index.php\/wp-json\/wp\/v2\/posts\/12458\/revisions\/12459"}],"wp:attachment":[{"href":"https:\/\/www.educacionycrianza.com\/plat\/index.php\/wp-json\/wp\/v2\/media?parent=12458"}],"wp:term":[{"taxonomy":"category","embeddable":true,"href":"https:\/\/www.educacionycrianza.com\/plat\/index.php\/wp-json\/wp\/v2\/categories?post=12458"},{"taxonomy":"post_tag","embeddable":true,"href":"https:\/\/www.educacionycrianza.com\/plat\/index.php\/wp-json\/wp\/v2\/tags?post=12458"}],"curies":[{"name":"wp","href":"https:\/\/api.w.org\/{rel}","templated":true}]}}