{"id":16918,"date":"2023-02-06T00:25:24","date_gmt":"2023-02-06T00:25:24","guid":{"rendered":"https:\/\/www.educacionycrianza.com\/plat\/?p=16918"},"modified":"2025-05-06T01:19:09","modified_gmt":"2025-05-06T01:19:09","slug":"educacion-en-la-naturaleza","status":"publish","type":"post","link":"https:\/\/www.educacionycrianza.com\/plat\/index.php\/2023\/02\/06\/educacion-en-la-naturaleza\/","title":{"rendered":"Educaci\u00f3n en la naturaleza"},"content":{"rendered":"<p>En la actualidad, es muy frecuente encontrar en ni\u00f1os y ni\u00f1as lo que se conoce como<br \/>\n\u201cD\u00e9ficit por naturaleza\u201d. La sobrecarga de tareas diarias, las nuevas tecnolog\u00edas, y los<br \/>\ntiempos transitados en espacios cerrados, son causantes de este d\u00e9ficit que se refleja en<br \/>\nmanifestaciones emocionales, alteraciones en la conducta y el aprendizaje.<br \/>\nEs fundamental repensar la educaci\u00f3n de nuestras infancias para recuperar los valores<br \/>\nesenciales que debemos y queremos nutrir en ellos. El contacto con la naturaleza optimiza los<br \/>\nprocesos de aprendizaje, mejora la atenci\u00f3n y la memoria, incrementa la funci\u00f3n cognitiva,<br \/>\nfacilita el ejercicio f\u00edsico y favorece la destreza motora, estimula a jugar juegos no<br \/>\nestructurados y disminuye el estr\u00e9s. (Dra. Marisa Gaioli; 2019)<br \/>\nLa naturaleza y los animales tienen el poder de ofrecernos energ\u00edas que nos nutren, calman<br \/>\ny alivian. Por lo tanto, pensar una educaci\u00f3n en la naturaleza nos ubica en un contexto de<br \/>\naprendizaje libre y en paz, en el que los tiempos e intereses de cada ni\u00f1o y ni\u00f1a sean<br \/>\nrespetados. Una educaci\u00f3n viva y activa que alimente la curiosidad y el inter\u00e9s por el espacio<br \/>\nque nos rodea, en un ambiente tranquilo y armonioso.<br \/>\n\u201cTodos los seres vivos son tambi\u00e9n nuestra familia. Los p\u00e1jaros, que nos hablan de la<br \/>\nlibertad; las hormigas, que nos hablan del trabajo en equipo; los caracoles que nos dicen<br \/>\nque vayamos m\u00e1s despacio (&#8230;)\u201d Paloma Sainz Vara de Rey; 2022<br \/>\nOfrecer a las infancias momentos de contacto con la naturaleza, les brindar\u00e1 conexi\u00f3n con<br \/>\nla verdadera esencia que poseemos como seres vivos. Este contacto permite comprender la<br \/>\nrealidad y la necesidad de convivir y de cuidar los ecosistemas; y contribuye al desarrollo de<br \/>\nla capacidad de compromiso y responsabilidad. La interacci\u00f3n del ser humano con otros seres<br \/>\nvivos favorece el desarrollo de la tolerancia, entendida como una virtud que nos ense\u00f1a a<br \/>\nconvivir, respetar y aprender de y con lo que es diferente.<br \/>\nPor otro \u00faltimo, el juego libre en un ambiente natural, alimenta la imaginaci\u00f3n de los ni\u00f1os<br \/>\ny ni\u00f1as. Los espacios y elementos de la naturaleza, al ser totalmente desestructurados,<br \/>\npermiten que el ni\u00f1o despliegue su creatividad. \u201cLa imaginaci\u00f3n ayuda a la curiosidad y a la<br \/>\ninventiva, del mismo modo que impulsa a la aventura sin la cual no crear\u00edamos\u201d Paulo<\/p>\n<p>Julieta Revuelta<\/p>\n<p>Freire; 1993.<br \/>\nBibliograf\u00eda:<br \/>\nBerger, Carole; Ho\u2019oponopono: Antigua pr\u00e1ctica hawaiana de la gratitud y el perd\u00f3n. &#8211;<br \/>\nEditorial Sirio; 2020<br \/>\nFreire, Paulo; Cartas a quien pretende ense\u00f1ar. &#8211; Siglo XXI Editores Argentina; 1993<br \/>\nFundaci\u00f3n Garrahan; Gu\u00eda para un mejor desarrollo de ni\u00f1as y ni\u00f1os en el aula. &#8211; 2019<br \/>\nSainz Vara de Rey, Paloma; Mindfulness para ni\u00f1os. &#8211; Editorial Zenith; 2022<br \/>\nSandoval, Alejandra; Aprendizaje en la naturaleza &#8211; Curso Virtual \u201cEducaci\u00f3n hol\u00edstica en la<br \/>\nprimera infancia<\/p>\n<ul>\n<li>Escrito realizado por Julieta Revuelta quien particip\u00f3 en el Curso Virtual \u00abEducaci\u00f3n hol\u00edstica en la primera infancia\u00bb<\/li>\n<\/ul>\n","protected":false},"excerpt":{"rendered":"<p>En la actualidad, es muy frecuente encontrar en ni\u00f1os y ni\u00f1as lo que se conoce como \u201cD\u00e9ficit por naturaleza\u201d. La sobrecarga de tareas diarias, las nuevas tecnolog\u00edas, y los tiempos transitados en espacios cerrados, son causantes de este d\u00e9ficit que se refleja en manifestaciones emocionales, alteraciones en la conducta y el aprendizaje. Es fundamental repensar [&hellip;]<\/p>\n","protected":false},"author":1,"featured_media":0,"comment_status":"closed","ping_status":"closed","sticky":false,"template":"","format":"standard","meta":{"_joinchat":[],"footnotes":""},"categories":[21],"tags":[],"class_list":["post-16918","post","type-post","status-publish","format-standard","hentry","category-notas"],"_links":{"self":[{"href":"https:\/\/www.educacionycrianza.com\/plat\/index.php\/wp-json\/wp\/v2\/posts\/16918","targetHints":{"allow":["GET"]}}],"collection":[{"href":"https:\/\/www.educacionycrianza.com\/plat\/index.php\/wp-json\/wp\/v2\/posts"}],"about":[{"href":"https:\/\/www.educacionycrianza.com\/plat\/index.php\/wp-json\/wp\/v2\/types\/post"}],"author":[{"embeddable":true,"href":"https:\/\/www.educacionycrianza.com\/plat\/index.php\/wp-json\/wp\/v2\/users\/1"}],"replies":[{"embeddable":true,"href":"https:\/\/www.educacionycrianza.com\/plat\/index.php\/wp-json\/wp\/v2\/comments?post=16918"}],"version-history":[{"count":1,"href":"https:\/\/www.educacionycrianza.com\/plat\/index.php\/wp-json\/wp\/v2\/posts\/16918\/revisions"}],"predecessor-version":[{"id":16919,"href":"https:\/\/www.educacionycrianza.com\/plat\/index.php\/wp-json\/wp\/v2\/posts\/16918\/revisions\/16919"}],"wp:attachment":[{"href":"https:\/\/www.educacionycrianza.com\/plat\/index.php\/wp-json\/wp\/v2\/media?parent=16918"}],"wp:term":[{"taxonomy":"category","embeddable":true,"href":"https:\/\/www.educacionycrianza.com\/plat\/index.php\/wp-json\/wp\/v2\/categories?post=16918"},{"taxonomy":"post_tag","embeddable":true,"href":"https:\/\/www.educacionycrianza.com\/plat\/index.php\/wp-json\/wp\/v2\/tags?post=16918"}],"curies":[{"name":"wp","href":"https:\/\/api.w.org\/{rel}","templated":true}]}}