{"id":18852,"date":"2025-07-23T19:13:33","date_gmt":"2025-07-23T19:13:33","guid":{"rendered":"https:\/\/www.educacionycrianza.com\/plat\/?p=18852"},"modified":"2025-07-23T19:21:40","modified_gmt":"2025-07-23T19:21:40","slug":"maternar-y-paternar-en-tribu","status":"publish","type":"post","link":"https:\/\/www.educacionycrianza.com\/plat\/index.php\/2025\/07\/23\/maternar-y-paternar-en-tribu\/","title":{"rendered":"MATERNAR Y PATERNAR EN TRIBU"},"content":{"rendered":"<p>Taller quincenal para familias<\/p>\n<p>\u2600Se brinda un espacio de escucha, contenci\u00f3n y transformaci\u00f3n de madres y padres con el objetivo de cuidar, acompa\u00f1ar y guiar a nuestros hijos con la mejor versi\u00f3n de nosotros mismos.<\/p>\n<p>\u2600Se brindar\u00e1n propuestas de reflexi\u00f3n, lecturas y charlas con distintas tem\u00e1ticas que se relacionen no solo con la crianza y educaci\u00f3n de nuestros hijos, sino invitando a hacer un recorrido hacia nuestro interior y encuentro con nosotros mismos.<\/p>\n<p>\u2600Se brindar\u00e1n tem\u00e1ticas que nos lleven a identificar y reconocer patrones y modelos heredados de nuestra propia crianza y promover al cambio y la transformaci\u00f3n que conduzcan a una crianza respetuosa y consciente.<\/p>\n<p>\ud83d\uddd3 Todos los 2* y 4* martes de cada mes<br \/>\n\u23f0 18.30 a 19.45 hs<br \/>\n\ud83d\udc5b Aranceles: 20.000 pesos por mes o 12.000 pesos por encuentro.<br \/>\n\ud83d\udcf13544615280<\/p>\n<p>Facilita:<br \/>\nAlejandra Sandoval<br \/>\nLic.Prof. en Psicopedagog\u00eda<br \/>\nwww.educacionycrianza.com<br \/>\n<a href=\"mailto:consultas@educacionycrianza.com\">consultas@educacionycrianza.com<\/a><\/p>\n","protected":false},"excerpt":{"rendered":"<p>Taller quincenal para familias \u2600Se brinda un espacio de escucha, contenci\u00f3n y transformaci\u00f3n de madres y padres con el objetivo de cuidar, acompa\u00f1ar y guiar a nuestros hijos con la mejor versi\u00f3n de nosotros mismos. \u2600Se brindar\u00e1n propuestas de reflexi\u00f3n, lecturas y charlas con distintas tem\u00e1ticas que se relacionen no solo con la crianza y [&hellip;]<\/p>\n","protected":false},"author":1,"featured_media":18855,"comment_status":"closed","ping_status":"closed","sticky":false,"template":"","format":"standard","meta":{"_joinchat":[],"footnotes":""},"categories":[19],"tags":[],"class_list":["post-18852","post","type-post","status-publish","format-standard","has-post-thumbnail","hentry","category-cursos"],"_links":{"self":[{"href":"https:\/\/www.educacionycrianza.com\/plat\/index.php\/wp-json\/wp\/v2\/posts\/18852","targetHints":{"allow":["GET"]}}],"collection":[{"href":"https:\/\/www.educacionycrianza.com\/plat\/index.php\/wp-json\/wp\/v2\/posts"}],"about":[{"href":"https:\/\/www.educacionycrianza.com\/plat\/index.php\/wp-json\/wp\/v2\/types\/post"}],"author":[{"embeddable":true,"href":"https:\/\/www.educacionycrianza.com\/plat\/index.php\/wp-json\/wp\/v2\/users\/1"}],"replies":[{"embeddable":true,"href":"https:\/\/www.educacionycrianza.com\/plat\/index.php\/wp-json\/wp\/v2\/comments?post=18852"}],"version-history":[{"count":1,"href":"https:\/\/www.educacionycrianza.com\/plat\/index.php\/wp-json\/wp\/v2\/posts\/18852\/revisions"}],"predecessor-version":[{"id":18853,"href":"https:\/\/www.educacionycrianza.com\/plat\/index.php\/wp-json\/wp\/v2\/posts\/18852\/revisions\/18853"}],"wp:featuredmedia":[{"embeddable":true,"href":"https:\/\/www.educacionycrianza.com\/plat\/index.php\/wp-json\/wp\/v2\/media\/18855"}],"wp:attachment":[{"href":"https:\/\/www.educacionycrianza.com\/plat\/index.php\/wp-json\/wp\/v2\/media?parent=18852"}],"wp:term":[{"taxonomy":"category","embeddable":true,"href":"https:\/\/www.educacionycrianza.com\/plat\/index.php\/wp-json\/wp\/v2\/categories?post=18852"},{"taxonomy":"post_tag","embeddable":true,"href":"https:\/\/www.educacionycrianza.com\/plat\/index.php\/wp-json\/wp\/v2\/tags?post=18852"}],"curies":[{"name":"wp","href":"https:\/\/api.w.org\/{rel}","templated":true}]}}