{"id":18872,"date":"2026-01-22T13:28:35","date_gmt":"2026-01-22T13:28:35","guid":{"rendered":"https:\/\/www.educacionycrianza.com\/plat\/?p=18872"},"modified":"2026-01-22T13:28:35","modified_gmt":"2026-01-22T13:28:35","slug":"curso-estar-y-amar-para-acompanar-la-crianza-respetuosa-y-el-aprendizaje-libre-desde-una-mirada-holistica","status":"publish","type":"post","link":"https:\/\/www.educacionycrianza.com\/plat\/index.php\/2026\/01\/22\/curso-estar-y-amar-para-acompanar-la-crianza-respetuosa-y-el-aprendizaje-libre-desde-una-mirada-holistica\/","title":{"rendered":"Curso \u201cEstar y amar para acompa\u00f1ar. La crianza respetuosa y el aprendizaje libre desde una mirada hol\u00edstica\u201d"},"content":{"rendered":"<p><strong>Presentaci\u00f3n<\/strong><br \/>\nEl presente curso es vivencial y formativo que invita a padres, educadores y acompa\u00f1antes de la infancia a revisar sus creencias y patrones de crianza, educaci\u00f3n y aprendizajes, favorecer y cultivar una presencia consciente y aprender a sostener los procesos de los ni\u00f1os desde el respeto, la libertad y el amor desde una mirada integral del ser.<br \/>\nEl curso integra enfoques de crianza respetuosa, educaci\u00f3n human\u00edstica y hol\u00edstica, aprendizaje libre y desarrollo espiritual, poniendo el enfoque en el v\u00ednculo, la observaci\u00f3n y la confianza en los procesos naturales de crecimiento y aprendizajes.<br \/>\nSu objetivo es brindar recursos te\u00f3ricos y pr\u00e1cticos para acompa\u00f1ar la infancia desde una crianza respetuosa y un aprendizaje libre, considerando todas las dimensiones del ser: f\u00edsica, emocional, mental, social y espiritual.<\/p>\n<p>Dirigido a: Madres, padres, educadores, docentes, acompa\u00f1antes, facilitadores y cuidadores de ni\u00f1os y toda persona interesada en una educaci\u00f3n consciente.<\/p>\n<p>Duraci\u00f3n: 10 semanas. Comienza el 17 de febrero de 2026<\/p>\n<p><strong>Ejes tem\u00e1ticos:<\/strong><br \/>\nM\u00f3dulo 1. Una nueva mirada sobre la infancia<br \/>\nLa infancia como etapa sagrada<br \/>\nContenidos<br \/>\n\u2022 Pensar, observar y acompa\u00f1ar a la infancia desde una mirada hol\u00edstica<br \/>\n\u2022 El ni\u00f1o como ser integral<\/p>\n<p>\u2022 El rol del adulto como acompa\u00f1ante<\/p>\n<p>M\u00f3dulo 2. Los pilares de la crianza respetuosa<br \/>\nV\u00ednculo, respeto y presencia<br \/>\nContenidos<br \/>\n\u2022 \u00bfQu\u00e9 es la crianza respetuosa?<br \/>\n\u2022 Apego seguro y necesidades emocionales. Tipos de apego<br \/>\n\u2022 L\u00edmites conscientes y amorosos<br \/>\n\u2022 Comunicaci\u00f3n emp\u00e1tica y escucha active<\/p>\n<p>M\u00f3dulo 3. Los adultos que acompa\u00f1an<br \/>\nAutoconocimiento y coherencia<br \/>\nContenidos<br \/>\n\u2022 Crianza consciente y trabajo personal<br \/>\n\u2022 Heridas de la propia infancia<br \/>\n\u2022 Autocuidado y sanaci\u00f3n del adulto<br \/>\n\u2022 L\u00edmites personales<\/p>\n<p>M\u00f3dulo 4. Acompa\u00f1ar las emociones<br \/>\nSostener desde lo afectivo<br \/>\nContenidos<br \/>\n\u2022 Desarrollo emocional en la infancia<br \/>\n\u2022 Gesti\u00f3n emocional<br \/>\n\u2022 Las emociones como lenguaje<br \/>\n\u2022 El adulto como base segura<\/p>\n<p>M\u00f3dulo 5. Aprendizaje libre y autodirigido<br \/>\nConfianza en los procesos naturales<br \/>\nContenidos<br \/>\n\u2022 \u00bfQu\u00e9 es el aprendizaje libre?<br \/>\n\u2022 El juego como motor del aprendizaje<br \/>\n\u2022 Ritmos individuales y motivaci\u00f3n intr\u00ednseca<br \/>\n\u2022 Acompa\u00f1ar sin dirigir ni intervenir en exceso<\/p>\n<p>M\u00f3dulo 6. La educaci\u00f3n desde una mirada hol\u00edstica<br \/>\nCuerpo, emoci\u00f3n, mente y esp\u00edritu<br \/>\nContenidos<br \/>\n\u2022 Principios de la educaci\u00f3n hol\u00edstica<br \/>\n\u2022 Integraci\u00f3n del cuerpo, el arte y el movimiento<br \/>\n\u2022 La naturaleza como espacio pedag\u00f3gico<br \/>\n\u2022 Espacios que nutren y sostienen<\/p>\n<p>M\u00f3dulo 7. Espiritualidad en la infancia<br \/>\nAcompa\u00f1ar lo invisible<br \/>\nContenidos<br \/>\n\u2022 Espiritualidad en la infancia (no religiosa)<br \/>\n\u2022 Presencia, silencio y asombro<br \/>\n\u2022 Conexi\u00f3n con la naturaleza<br \/>\n\u2022 Acompa\u00f1ar desde el amor su prop\u00f3sito y misi\u00f3n<\/p>\n<p>M\u00f3dulo 8. El arte de acompa\u00f1ar. Integraci\u00f3n<br \/>\nTejiendo una pr\u00e1ctica consciente<br \/>\nContenidos<br \/>\n\u2022 Integraci\u00f3n de los enfoques trabajados<br \/>\n\u2022 Construcci\u00f3n de un estilo propio de acompa\u00f1amiento<br \/>\n\u2022 Dise\u00f1o de un proyecto personal o familiar<br \/>\n\u2022 Red de apoyo y comunidad<\/p>\n<p><strong>Arancel:<\/strong><br \/>\nPara Argentina: una cuota de $65.000 o 2 cuotas de $36.000 (la primera cuota se paga antes de iniciar el curso y la segunda cuando se cumple un mes de empezado el curso).<br \/>\nPara residentes de otros pa\u00edses U$S50.<\/p>\n<p><strong>Modalidad:<\/strong><br \/>\nSe compartir\u00e1 semanalmente material de lectura en formato PDF. Son 8 archivos.<br \/>\nSe convocar\u00e1 a 4 encuentros online donde se expondr\u00e1 sobre los temas tratados y todos los participantes podr\u00e1n compartir sus experiencias, saberes y consultas.<br \/>\nLos encuentros se brindar\u00e1n en los siguientes d\u00edas y horarios: 24\/02, 10\/03, 24\/3 y 7\/04 a las 19 hs. Los d\u00edas est\u00e1n sujetos a modificaciones seg\u00fan circunstancias externas o por acuerdos del grupo.<br \/>\nDurante cada encuentro se brindar\u00e1 espacio para la reflexi\u00f3n, el aprendizaje vivencial, el di\u00e1logo y la escucha. Tambi\u00e9n se propiciar\u00e1 a pr\u00e1cticas corporales, emocionales y espirituales.<\/p>\n<p>Se conformar\u00e1 un grupo de WhatsApp donde se brindar\u00e1n novedades, respuestas a inquietudes y lo que surja durante el curso, propiciando el intercambio entre los participantes.<br \/>\nPara aprobar el curso se deber\u00e1 entregar y aprobar un trabajo integrador.<br \/>\nSe entrega un certificado.<\/p>\n<p>Modos de pago para residentes de Argentina:<br \/>\nPor transferencia<br \/>\nAlejandra Laura Sandoval<br \/>\nDNI 23626252<br \/>\nCUIT: 27-23626252-4<br \/>\nBanco Provincia<br \/>\nCaja de Ahorros $ 42004587731<br \/>\nCBU: 0140323503420045877318<\/p>\n<p>Por Mercado Pago:<br \/>\nCVU: 0000003100018000883398<br \/>\nAlias: educacion.crianza.mp<br \/>\nAlejandra Laura Sandoval<\/p>\n<p>Residentes en otros pa\u00edses:<br \/>\nEl pago se realiza a trav\u00e9s del servicio de Western Union o por PayPal.<br \/>\nSe sugiere enviar un e-mail a consultas@educacionycrianza.com o por Whatsapp al 3544615280 para recibir los datos que necesita para realizar el pago.<\/p>\n<p>Importante: La inscripci\u00f3n se concreta una vez efectuado y comprobado la transferencia. Cuando se realiza el pago se debe enviar el comprobante en foto por whatsapp al 3544615280 o por email a: consultas@educacionycrianza.com<\/p>\n<p>Consultas: consultas@educacionycrianza.com \/ Whatsapp 3544615280<br \/>\nwww.educacionycrianza.com<\/p>\n","protected":false},"excerpt":{"rendered":"<p>Presentaci\u00f3n El presente curso es vivencial y formativo que invita a padres, educadores y acompa\u00f1antes de la infancia a revisar sus creencias y patrones de crianza, educaci\u00f3n y aprendizajes, favorecer y cultivar una presencia consciente y aprender a sostener los procesos de los ni\u00f1os desde el respeto, la libertad y el amor desde una mirada [&hellip;]<\/p>\n","protected":false},"author":1,"featured_media":18873,"comment_status":"closed","ping_status":"closed","sticky":false,"template":"","format":"standard","meta":{"_joinchat":[],"footnotes":""},"categories":[19],"tags":[],"class_list":["post-18872","post","type-post","status-publish","format-standard","has-post-thumbnail","hentry","category-cursos"],"_links":{"self":[{"href":"https:\/\/www.educacionycrianza.com\/plat\/index.php\/wp-json\/wp\/v2\/posts\/18872","targetHints":{"allow":["GET"]}}],"collection":[{"href":"https:\/\/www.educacionycrianza.com\/plat\/index.php\/wp-json\/wp\/v2\/posts"}],"about":[{"href":"https:\/\/www.educacionycrianza.com\/plat\/index.php\/wp-json\/wp\/v2\/types\/post"}],"author":[{"embeddable":true,"href":"https:\/\/www.educacionycrianza.com\/plat\/index.php\/wp-json\/wp\/v2\/users\/1"}],"replies":[{"embeddable":true,"href":"https:\/\/www.educacionycrianza.com\/plat\/index.php\/wp-json\/wp\/v2\/comments?post=18872"}],"version-history":[{"count":1,"href":"https:\/\/www.educacionycrianza.com\/plat\/index.php\/wp-json\/wp\/v2\/posts\/18872\/revisions"}],"predecessor-version":[{"id":18874,"href":"https:\/\/www.educacionycrianza.com\/plat\/index.php\/wp-json\/wp\/v2\/posts\/18872\/revisions\/18874"}],"wp:featuredmedia":[{"embeddable":true,"href":"https:\/\/www.educacionycrianza.com\/plat\/index.php\/wp-json\/wp\/v2\/media\/18873"}],"wp:attachment":[{"href":"https:\/\/www.educacionycrianza.com\/plat\/index.php\/wp-json\/wp\/v2\/media?parent=18872"}],"wp:term":[{"taxonomy":"category","embeddable":true,"href":"https:\/\/www.educacionycrianza.com\/plat\/index.php\/wp-json\/wp\/v2\/categories?post=18872"},{"taxonomy":"post_tag","embeddable":true,"href":"https:\/\/www.educacionycrianza.com\/plat\/index.php\/wp-json\/wp\/v2\/tags?post=18872"}],"curies":[{"name":"wp","href":"https:\/\/api.w.org\/{rel}","templated":true}]}}