{"id":3886,"date":"2018-09-19T03:34:37","date_gmt":"2018-09-19T03:34:37","guid":{"rendered":"http:\/\/www.educacionycrianza.com\/plat\/?p=3886"},"modified":"2025-05-06T01:20:02","modified_gmt":"2025-05-06T01:20:02","slug":"una-nueva-forma-de-sentir-el-aprendizaje","status":"publish","type":"post","link":"https:\/\/www.educacionycrianza.com\/plat\/index.php\/2018\/09\/19\/una-nueva-forma-de-sentir-el-aprendizaje\/","title":{"rendered":"Una nueva forma de sentir el aprendizaje"},"content":{"rendered":"<p>Como psicopedagoga casi siempre me encontr\u00e9 con situaciones de sufrimiento respecto al acto aprender. Tuve frente m\u00edo a ni\u00f1os y padres angustiados, desalentados y hasta desesperados porque no alcanzaban esas expectativas que el sistema escolar les impon\u00eda.<\/p>\n<p>Luego de un largo camino de observar, abordar, buscar, reflexionar y vivir, me encuentro con un enfoque muy nuevo y m\u00e1s gratificante. Hoy me encuentro vivenciando una nueva forma de sentir la psicopedagog\u00eda, profesi\u00f3n que ya llevo casi 16 a\u00f1os de ejercicio y mucho recorrido en distintos \u00e1mbitos\u2026<\/p>\n<p>Hoy me encuentro conmigo misma, con nuevos aires y con nuevos rumbos, tanto \u00a0a nivel profesional como personal. Hoy estoy en un lugar donde siento que me estuvo esperando hace tiempo y que en mi b\u00fasqueda interior, que ya lleva un par de a\u00f1os, condujo a donde hoy es para m\u00ed, un lugar inspirador y liberador.<\/p>\n<p>Y todo este gran cambio experimentado en todos los niveles de mi vida, me encuentra con un nuevo enfoque de mi profesi\u00f3n que me llena de alegr\u00eda y me reconforta. Hoy vivo la psicopedagog\u00eda desde el amor, la confianza y el disfrute por el aprendizaje. Siento y vivo el aprendizaje desde la capacidad, del poder del asombro y el descubrimiento. Hoy pienso la psicopedagog\u00eda desde la alegr\u00eda y la satisfacci\u00f3n de aprender algo nuevo, de maravillarnos por nuestra inmensa capacidad de hacer, crear y compartir saberes y conocimientos. Hoy vivo una psicopedagog\u00eda desde la conexi\u00f3n con la vida donde nada ni nadie nos puede arrebatar el maravilloso sentimiento de crear y sentir el poder de pensar, sentir y hacer aquello que m\u00e1s nos apasiona.<\/p>\n<p>Quiero acompa\u00f1ar a aquellos que sienten que el camino de una educaci\u00f3n m\u00e1s humana, amorosa y consciente es posible. Quiero caminar y brindar mi apoyo a aquellos que necesitan ser escuchados y mirados para devolverles el poder que les fue quitado o reprimido. Quiero darles calidez a aquellos a quienes les han lastimado o herido ese tesoro que llevan adentro, que no es nada m\u00e1s ni nada menos que su capacidad de aprender y de descubrir su belleza interior. Quiero acompa\u00f1ar a todos aquellos que desean recuperar su alegr\u00eda y su amor por aprender y encontrar en lo que m\u00e1s se desea, el disfrute de hacer aquello que se ama desde lo m\u00e1s \u00edntimo de su ser.<\/p>\n<p>Siento que \u00e9ste es el camino que eleg\u00ed y que tengo por delante, un hermoso y apasionante desaf\u00edo que estoy dispuesta a transitar.<\/p>\n<p>Alejandra Sandoval<\/p>\n<p>Lic. Prof. en Psicopedagog\u00eda<\/p>\n<p>Coordinadora y creadora de <a href=\"http:\/\/www.educacionycrianza.com\">www.educacionycrianza.com<\/a> y <a href=\"http:\/\/www.areapsicopedagogica.com.ar\">www.areapsicopedagogica.com.ar<\/a><\/p>\n<p>&nbsp;<\/p>\n<p>Contacto:<\/p>\n<p>consultas@educacionycrianza.com<\/p>\n<p>Whatsapp 3544615280<\/p>\n<p>&nbsp;<\/p>\n","protected":false},"excerpt":{"rendered":"<p>Como psicopedagoga casi siempre me encontr\u00e9 con situaciones de sufrimiento respecto al acto aprender. Tuve frente m\u00edo a ni\u00f1os y padres angustiados, desalentados y hasta desesperados porque no alcanzaban esas expectativas que el sistema escolar les impon\u00eda. Luego de un largo camino de observar, abordar, buscar, reflexionar y vivir, me encuentro con un enfoque muy [&hellip;]<\/p>\n","protected":false},"author":1,"featured_media":0,"comment_status":"closed","ping_status":"closed","sticky":false,"template":"","format":"standard","meta":{"_joinchat":[],"footnotes":""},"categories":[21],"tags":[],"class_list":["post-3886","post","type-post","status-publish","format-standard","hentry","category-notas"],"_links":{"self":[{"href":"https:\/\/www.educacionycrianza.com\/plat\/index.php\/wp-json\/wp\/v2\/posts\/3886","targetHints":{"allow":["GET"]}}],"collection":[{"href":"https:\/\/www.educacionycrianza.com\/plat\/index.php\/wp-json\/wp\/v2\/posts"}],"about":[{"href":"https:\/\/www.educacionycrianza.com\/plat\/index.php\/wp-json\/wp\/v2\/types\/post"}],"author":[{"embeddable":true,"href":"https:\/\/www.educacionycrianza.com\/plat\/index.php\/wp-json\/wp\/v2\/users\/1"}],"replies":[{"embeddable":true,"href":"https:\/\/www.educacionycrianza.com\/plat\/index.php\/wp-json\/wp\/v2\/comments?post=3886"}],"version-history":[{"count":1,"href":"https:\/\/www.educacionycrianza.com\/plat\/index.php\/wp-json\/wp\/v2\/posts\/3886\/revisions"}],"predecessor-version":[{"id":3887,"href":"https:\/\/www.educacionycrianza.com\/plat\/index.php\/wp-json\/wp\/v2\/posts\/3886\/revisions\/3887"}],"wp:attachment":[{"href":"https:\/\/www.educacionycrianza.com\/plat\/index.php\/wp-json\/wp\/v2\/media?parent=3886"}],"wp:term":[{"taxonomy":"category","embeddable":true,"href":"https:\/\/www.educacionycrianza.com\/plat\/index.php\/wp-json\/wp\/v2\/categories?post=3886"},{"taxonomy":"post_tag","embeddable":true,"href":"https:\/\/www.educacionycrianza.com\/plat\/index.php\/wp-json\/wp\/v2\/tags?post=3886"}],"curies":[{"name":"wp","href":"https:\/\/api.w.org\/{rel}","templated":true}]}}