{"id":4188,"date":"2018-12-03T03:49:23","date_gmt":"2018-12-03T03:49:23","guid":{"rendered":"http:\/\/www.educacionycrianza.com\/plat\/?p=4188"},"modified":"2025-05-06T01:20:02","modified_gmt":"2025-05-06T01:20:02","slug":"biodanza-la-integracion-danzada-del-ser","status":"publish","type":"post","link":"https:\/\/www.educacionycrianza.com\/plat\/index.php\/2018\/12\/03\/biodanza-la-integracion-danzada-del-ser\/","title":{"rendered":"Biodanza: la integraci\u00f3n danzada del Ser"},"content":{"rendered":"<p>La Biodanza es un sistema que promueve la integraci\u00f3n emocional y afectiva, que estimula la renovaci\u00f3n org\u00e1nica y favorece el reaprendizaje de funciones de vida. Se genera a trav\u00e9s de rituales de encuentro en grupo, motivados por la danza, la m\u00fasica y el canto conect\u00e1ndonos\u00a0 as\u00ed con la emoci\u00f3n genuina, con el movimiento sentido, teniendo una escucha activa para con nosotros mismos y as\u00ed lograr una vinculaci\u00f3n arm\u00f3nica con los dem\u00e1s y el entorno .<\/p>\n<p>Algunos de sus beneficios:<\/p>\n<ul>\n<li>Reduce el estr\u00e9s<\/li>\n<li>Nos conecta con la vitalidad<\/li>\n<li>Ayuda a descubrir y fortalecer los procesos creativos en cada uno, ya sea art\u00edsticos o la propia creatividad existencial<\/li>\n<li>Fortalece la autoestima<\/li>\n<li>Establece un armon\u00eda integral<\/li>\n<li>Incentiva la comunicaci\u00f3n asertiva y afectiva<\/li>\n<li>Integra la conexi\u00f3n del pensar, sentir y actuar logrando sanidad en nuestro campo mental, emocional y f\u00edsico<\/li>\n<\/ul>\n<p>Biodanza es un sistema que abarca todos los campos en nuestras vidas, ayud\u00e1ndonos a sanar, recuperar nuestra estabilidad y lograr el \u00edmpetu necesario para abrir nuevas puertas, proyectos, v\u00ednculos y espacios enriquecedores. Nos permite percibir con todo el cuerpo y accionar si sentimos que ese es nuestro camino o tomar fuerzas y certezas para dar pasos al costado dando el conocimiento con l\u00edmites nutricios.<\/p>\n<p>Biodanza es un sistema creado para ni\u00f1os, j\u00f3venes, adultos y personas de la tercera edad. Se aplica Biodanza en empresas, centros de salud, Aldeas Infantiles, escuelas, facultades, en c\u00e1rceles, en establecimientos mineros y en todo espacio donde haya un grupo de personas que quieran y necesiten la Biodanza.<\/p>\n<p>\u201cLa fuerza que nos conduce es la misma que enciende el sol<\/p>\n<p>Que enciende los mares y hace florecer los cerezos.<\/p>\n<p>La fuerza que nos mueve es la misma que agita las semillas<\/p>\n<p>Con su mensaje inmemorial de vida.<\/p>\n<p>La danza genera el destino bajo las mismas leyes<\/p>\n<p>Que vinculan la flor con la brisa.<\/p>\n<p>Bajo el sol de armon\u00eda, todos somos uno\u201d<\/p>\n<p>Rolando Toro<\/p>\n<p>Facilitadora Didacta Patricia Waira Fern\u00e1ndez<\/p>\n<p>Mar del Plata<\/p>\n<p>Facebook : Ser Biodanza<img loading=\"lazy\" decoding=\"async\" class=\"alignright size-medium wp-image-4189\" src=\"http:\/\/www.educacionycrianza.com\/plat\/wp-content\/uploads\/2018\/12\/Foto-Biodanza-para-nota-I-1-300x200.jpg\" alt=\"\" width=\"300\" height=\"200\" srcset=\"https:\/\/www.educacionycrianza.com\/plat\/wp-content\/uploads\/2018\/12\/Foto-Biodanza-para-nota-I-1-300x200.jpg 300w, https:\/\/www.educacionycrianza.com\/plat\/wp-content\/uploads\/2018\/12\/Foto-Biodanza-para-nota-I-1-768x512.jpg 768w, https:\/\/www.educacionycrianza.com\/plat\/wp-content\/uploads\/2018\/12\/Foto-Biodanza-para-nota-I-1-600x400.jpg 600w, https:\/\/www.educacionycrianza.com\/plat\/wp-content\/uploads\/2018\/12\/Foto-Biodanza-para-nota-I-1.jpg 960w\" sizes=\"auto, (max-width: 300px) 100vw, 300px\" \/><\/p>\n","protected":false},"excerpt":{"rendered":"<p>La Biodanza es un sistema que promueve la integraci\u00f3n emocional y afectiva, que estimula la renovaci\u00f3n org\u00e1nica y favorece el reaprendizaje de funciones de vida. Se genera a trav\u00e9s de rituales de encuentro en grupo, motivados por la danza, la m\u00fasica y el canto conect\u00e1ndonos\u00a0 as\u00ed con la emoci\u00f3n genuina, con el movimiento sentido, teniendo [&hellip;]<\/p>\n","protected":false},"author":1,"featured_media":0,"comment_status":"closed","ping_status":"closed","sticky":false,"template":"","format":"standard","meta":{"_joinchat":[],"footnotes":""},"categories":[21],"tags":[],"class_list":["post-4188","post","type-post","status-publish","format-standard","hentry","category-notas"],"_links":{"self":[{"href":"https:\/\/www.educacionycrianza.com\/plat\/index.php\/wp-json\/wp\/v2\/posts\/4188","targetHints":{"allow":["GET"]}}],"collection":[{"href":"https:\/\/www.educacionycrianza.com\/plat\/index.php\/wp-json\/wp\/v2\/posts"}],"about":[{"href":"https:\/\/www.educacionycrianza.com\/plat\/index.php\/wp-json\/wp\/v2\/types\/post"}],"author":[{"embeddable":true,"href":"https:\/\/www.educacionycrianza.com\/plat\/index.php\/wp-json\/wp\/v2\/users\/1"}],"replies":[{"embeddable":true,"href":"https:\/\/www.educacionycrianza.com\/plat\/index.php\/wp-json\/wp\/v2\/comments?post=4188"}],"version-history":[{"count":1,"href":"https:\/\/www.educacionycrianza.com\/plat\/index.php\/wp-json\/wp\/v2\/posts\/4188\/revisions"}],"predecessor-version":[{"id":4190,"href":"https:\/\/www.educacionycrianza.com\/plat\/index.php\/wp-json\/wp\/v2\/posts\/4188\/revisions\/4190"}],"wp:attachment":[{"href":"https:\/\/www.educacionycrianza.com\/plat\/index.php\/wp-json\/wp\/v2\/media?parent=4188"}],"wp:term":[{"taxonomy":"category","embeddable":true,"href":"https:\/\/www.educacionycrianza.com\/plat\/index.php\/wp-json\/wp\/v2\/categories?post=4188"},{"taxonomy":"post_tag","embeddable":true,"href":"https:\/\/www.educacionycrianza.com\/plat\/index.php\/wp-json\/wp\/v2\/tags?post=4188"}],"curies":[{"name":"wp","href":"https:\/\/api.w.org\/{rel}","templated":true}]}}