{"id":4923,"date":"2019-04-15T03:07:23","date_gmt":"2019-04-15T03:07:23","guid":{"rendered":"https:\/\/www.educacionycrianza.com\/plat\/?p=4923"},"modified":"2025-05-06T01:20:02","modified_gmt":"2025-05-06T01:20:02","slug":"por-que-es-necesaria-una-psicopedagogia-consciente","status":"publish","type":"post","link":"https:\/\/www.educacionycrianza.com\/plat\/index.php\/2019\/04\/15\/por-que-es-necesaria-una-psicopedagogia-consciente\/","title":{"rendered":"\u00bfPor qu\u00e9 es necesaria una Psicopedagog\u00eda Consciente?"},"content":{"rendered":"<p>En la actualidad, vemos ni\u00f1os con caracter\u00edsticas distintivas que no se manifestaban a\u00f1os atr\u00e1s. Los nuevos ni\u00f1os poseen mayor percepci\u00f3n y sensibilidad, mayor empat\u00eda por los seres vivos, mayor consciencia ambiental, mayor conexi\u00f3n consigo mismo y con la vida. Algunos ni\u00f1os llegan a manifestar una gran apertura ps\u00edquica y espiritual.<\/p>\n<p>Seg\u00fan antrop\u00f3logos y soci\u00f3logos, esas cualidades que poseen los nuevos ni\u00f1os, se manifiestan con tal rapidez que hace que padres y educadores no sepan c\u00f3mo educar a estas nuevas generaciones y ello provoca que el sistema actual de educaci\u00f3n quede obsoleto y por lo tanto genere esta crisis del sistema educativo tradicional.<\/p>\n<p>Es por ello que se hace necesario pensar y repensar sobre un nuevo paradigma de la educaci\u00f3n donde la atenci\u00f3n se centre en el ni\u00f1o y en sus propios intereses y\u00a0 motivaciones y se le brinde la posibilidad de desarrollar su natural proceso de aprender y estimular su curiosidad innata.<\/p>\n<p>Para estos ni\u00f1os hacen falta nuevos m\u00e9todos de ense\u00f1anza que acompa\u00f1en al ni\u00f1o en su potencial y en su libertad para aprender. Debemos confiar en la naturaleza del ni\u00f1o. Los ni\u00f1os saben qu\u00e9 es necesario para s\u00ed mismos y qu\u00e9, cu\u00e1ndo y para qu\u00e9 necesitan aprender. Ellos tienen su propio ritmo de aprendizaje y asimilan conocimientos cuando est\u00e1n preparados para hacerlo.<\/p>\n<p>En este proceso natural de aprendizaje, el adulto cumple una funci\u00f3n de gu\u00eda y de acompa\u00f1ante, ofreciendo las condiciones necesarias para que el aprendizaje se produzca de una manera feliz y respetuosa.<\/p>\n<p>Por lo tanto, se hace necesario una Psicopedagog\u00eda Consciente, que tenga en cuenta al ni\u00f1o en su libertad para aprender y para desenvolverse en la vida. Debemos tener en cuenta que cada ni\u00f1o posee una sabidur\u00eda interior que hay que proteger y poder ayudarlo o acompa\u00f1arlo para que despliegue todo su potencial.<\/p>\n<p>Es preciso que haya profesionales con capacidad de escucha, atenci\u00f3n plena y mirada amorosa, centrados en el aqu\u00ed y ahora, teniendo en cuenta la individualidad de cada ser, respetando, comprendiendo y aceptando cada momento que se presenta como una oportunidad maravillosa de conectarse con la divinidad de cada ni\u00f1o.<\/p>\n<p>Hace falta un trabajo interno de autoconocimiento de cada psicopedagogo que acompa\u00f1ar\u00e1 a un ni\u00f1o que aprende o que tiene alguna dificultad. Hace falta conocer cu\u00e1les fueron nuestros propios estilos de aprendizaje y nuestras propias dificultades. Hace falta sanar nuestro ni\u00f1o interior para no proyectar en el ni\u00f1o nuestros propios conflictos.<\/p>\n<p>Es necesaria una Psicopedagog\u00eda Consciente que aporte una mirada comprensiva, compasiva y respetuosa del ni\u00f1o y un abordaje hol\u00edstico que tenga en cuenta el SER y toda la situaci\u00f3n que rodea la situaci\u00f3n de aprendizaje o su dificultad. Se hace necesario un equilibrio y una coherencia entre nuestro pensar, nuestro sentir y nuestro hacer. Se hace necesaria una Psicopedagog\u00eda humana e integral que posibilite la libertad y la alegr\u00eda por aprender.<\/p>\n<p>&nbsp;<\/p>\n<p>Alejandra Sandoval<\/p>\n<p>Lic. Prof. en Psicopedagog\u00eda<\/p>\n<p>Creadora y Coordinadora de <a href=\"http:\/\/www.educacionycrianza.com\">www.educacionycrianza.com<\/a> y <a href=\"http:\/\/www.areapsicopedagogica.com.ar\">www.areapsicopedagogica.com.ar<\/a><\/p>\n<p>Contacto:<\/p>\n<p>consultas@educacionycrianza.com\u00a0 \/\u00a0 Whatsapp 3544615280<\/p>\n<p>&nbsp;<\/p>\n","protected":false},"excerpt":{"rendered":"<p>En la actualidad, vemos ni\u00f1os con caracter\u00edsticas distintivas que no se manifestaban a\u00f1os atr\u00e1s. Los nuevos ni\u00f1os poseen mayor percepci\u00f3n y sensibilidad, mayor empat\u00eda por los seres vivos, mayor consciencia ambiental, mayor conexi\u00f3n consigo mismo y con la vida. Algunos ni\u00f1os llegan a manifestar una gran apertura ps\u00edquica y espiritual. Seg\u00fan antrop\u00f3logos y soci\u00f3logos, esas [&hellip;]<\/p>\n","protected":false},"author":1,"featured_media":0,"comment_status":"closed","ping_status":"closed","sticky":false,"template":"","format":"standard","meta":{"_joinchat":[],"footnotes":""},"categories":[21],"tags":[],"class_list":["post-4923","post","type-post","status-publish","format-standard","hentry","category-notas"],"_links":{"self":[{"href":"https:\/\/www.educacionycrianza.com\/plat\/index.php\/wp-json\/wp\/v2\/posts\/4923","targetHints":{"allow":["GET"]}}],"collection":[{"href":"https:\/\/www.educacionycrianza.com\/plat\/index.php\/wp-json\/wp\/v2\/posts"}],"about":[{"href":"https:\/\/www.educacionycrianza.com\/plat\/index.php\/wp-json\/wp\/v2\/types\/post"}],"author":[{"embeddable":true,"href":"https:\/\/www.educacionycrianza.com\/plat\/index.php\/wp-json\/wp\/v2\/users\/1"}],"replies":[{"embeddable":true,"href":"https:\/\/www.educacionycrianza.com\/plat\/index.php\/wp-json\/wp\/v2\/comments?post=4923"}],"version-history":[{"count":1,"href":"https:\/\/www.educacionycrianza.com\/plat\/index.php\/wp-json\/wp\/v2\/posts\/4923\/revisions"}],"predecessor-version":[{"id":4924,"href":"https:\/\/www.educacionycrianza.com\/plat\/index.php\/wp-json\/wp\/v2\/posts\/4923\/revisions\/4924"}],"wp:attachment":[{"href":"https:\/\/www.educacionycrianza.com\/plat\/index.php\/wp-json\/wp\/v2\/media?parent=4923"}],"wp:term":[{"taxonomy":"category","embeddable":true,"href":"https:\/\/www.educacionycrianza.com\/plat\/index.php\/wp-json\/wp\/v2\/categories?post=4923"},{"taxonomy":"post_tag","embeddable":true,"href":"https:\/\/www.educacionycrianza.com\/plat\/index.php\/wp-json\/wp\/v2\/tags?post=4923"}],"curies":[{"name":"wp","href":"https:\/\/api.w.org\/{rel}","templated":true}]}}