{"id":8673,"date":"2020-06-11T05:21:41","date_gmt":"2020-06-11T05:21:41","guid":{"rendered":"https:\/\/www.educacionycrianza.com\/plat\/?p=8673"},"modified":"2025-05-06T01:20:02","modified_gmt":"2025-05-06T01:20:02","slug":"aprender-a-confiar","status":"publish","type":"post","link":"https:\/\/www.educacionycrianza.com\/plat\/index.php\/2020\/06\/11\/aprender-a-confiar\/","title":{"rendered":"Aprender a confiar"},"content":{"rendered":"<p>Cuando realmente puedes estar sin juzgar frente a un ni\u00f1o.<br \/>\nCuando te puedas dar en todo tu ser para \u00e9l, y acompa\u00f1ar, s\u00f3lo acompa\u00f1ar,<br \/>\nalgo m\u00e1gico sucede.<br \/>\nDescubres como sucede.<br \/>\nLo ves observar<br \/>\nlo ves probar<br \/>\nlo ves imitar y copiar<br \/>\nlo ves experimentar.<br \/>\nDebe haber tanto amor en nuestra presencia para que el peque\u00f1o\/a se sienta realmente confiado y seguro.<br \/>\nY amar no es siempre intervenir, no siempre es tener algo para decir o proponer.<br \/>\nEs acompa\u00f1ar sus silencios, es respetar sus tiempos, es escucharlos.<\/p>\n<p>\u00bfLo hemos intentado realmente?<br \/>\n\u00bfDesde que lugar educamos cuando creemos educar?<br \/>\n\u00bfEstamos seguros que el aprendizaje sucede?<br \/>\nObservo cada d\u00eda m\u00e1s y puedo decir que ese instante, esa chispa, ese click donde todo encaja y el aprendizaje se da, esta tan cargado de emoci\u00f3n, el ni\u00f1o est\u00e1 entusiasmado. Porqu\u00e9 comprendi\u00f3, porque dio lugar a algo nuevo, una nueva experiencia sello su alma.<br \/>\nLa motivaci\u00f3n, el entusiasmo es primordial para que los ni\u00f1os aprendan.<br \/>\nNo hay emoci\u00f3n, no hay motivaci\u00f3n, estoy segura que lo que \u00absaben\u00bb hoy, lo olvidar\u00e1n ma\u00f1ana.<br \/>\nGrandes observadores y curiosas personitas, ellos son los gu\u00edas de su propio camino.<br \/>\nGuardan en su alma su esencia m\u00e1s profunda para ser develada.<br \/>\nComo un tesoro.<br \/>\nY nosotros los adultos guardianes de \u00e9l, con amor y respeto, ser gu\u00edas y acompa\u00f1antes de ese recorrido tan maravilloso que es el aprender, el encontrar las respuestas, el descubrir, el resolver&#8230;<br \/>\nVer como esas semillas se abren paso a la vida por su propio potencial, tan \u00fanico y sagrado, que debemos tener el cuidado de preservarlo. Ayudar si es necesario, a descubrirlo, dar la mano quiz\u00e1s en las partes m\u00e1s complejas del camino y estar ah\u00ed para ellos.<br \/>\nY confiar, confiar, confiar&#8230;<br \/>\nque cada ser humano trae desde el primer instante su propio plan para vivenciar, su propio camino de vida, sus propias potencialidades y un destino para caminar.<\/p>\n<p>&nbsp;<\/p>\n<p>Amparo Charo Jim\u00e9nez.<\/p>\n<p>Creadora del Proyecto El Poleo. Granja agroecol\u00f3gica.<\/p>\n<p>Cerrito Blanco. San Luis<\/p>\n<p>Facebook: Palabras en el Monte<\/p>\n<p>Instagram: Amparo Charo Jimenez<\/p>\n<p>&nbsp;<\/p>\n","protected":false},"excerpt":{"rendered":"<p>Cuando realmente puedes estar sin juzgar frente a un ni\u00f1o. Cuando te puedas dar en todo tu ser para \u00e9l, y acompa\u00f1ar, s\u00f3lo acompa\u00f1ar, algo m\u00e1gico sucede. Descubres como sucede. Lo ves observar lo ves probar lo ves imitar y copiar lo ves experimentar. Debe haber tanto amor en nuestra presencia para que el peque\u00f1o\/a [&hellip;]<\/p>\n","protected":false},"author":1,"featured_media":0,"comment_status":"closed","ping_status":"closed","sticky":false,"template":"","format":"standard","meta":{"_joinchat":[],"footnotes":""},"categories":[21],"tags":[],"class_list":["post-8673","post","type-post","status-publish","format-standard","hentry","category-notas"],"_links":{"self":[{"href":"https:\/\/www.educacionycrianza.com\/plat\/index.php\/wp-json\/wp\/v2\/posts\/8673","targetHints":{"allow":["GET"]}}],"collection":[{"href":"https:\/\/www.educacionycrianza.com\/plat\/index.php\/wp-json\/wp\/v2\/posts"}],"about":[{"href":"https:\/\/www.educacionycrianza.com\/plat\/index.php\/wp-json\/wp\/v2\/types\/post"}],"author":[{"embeddable":true,"href":"https:\/\/www.educacionycrianza.com\/plat\/index.php\/wp-json\/wp\/v2\/users\/1"}],"replies":[{"embeddable":true,"href":"https:\/\/www.educacionycrianza.com\/plat\/index.php\/wp-json\/wp\/v2\/comments?post=8673"}],"version-history":[{"count":1,"href":"https:\/\/www.educacionycrianza.com\/plat\/index.php\/wp-json\/wp\/v2\/posts\/8673\/revisions"}],"predecessor-version":[{"id":8674,"href":"https:\/\/www.educacionycrianza.com\/plat\/index.php\/wp-json\/wp\/v2\/posts\/8673\/revisions\/8674"}],"wp:attachment":[{"href":"https:\/\/www.educacionycrianza.com\/plat\/index.php\/wp-json\/wp\/v2\/media?parent=8673"}],"wp:term":[{"taxonomy":"category","embeddable":true,"href":"https:\/\/www.educacionycrianza.com\/plat\/index.php\/wp-json\/wp\/v2\/categories?post=8673"},{"taxonomy":"post_tag","embeddable":true,"href":"https:\/\/www.educacionycrianza.com\/plat\/index.php\/wp-json\/wp\/v2\/tags?post=8673"}],"curies":[{"name":"wp","href":"https:\/\/api.w.org\/{rel}","templated":true}]}}